{"id":767,"date":"2024-03-14T04:04:21","date_gmt":"2024-03-14T04:04:21","guid":{"rendered":"https:\/\/sudaderasweb.com\/index.php\/2024\/03\/14\/joma-berna-chaqueta-y-chaleco-cabal-hombre\/"},"modified":"2024-03-14T04:04:21","modified_gmt":"2024-03-14T04:04:21","slug":"joma-berna-chaqueta-y-chaleco-cabal-hombre","status":"publish","type":"post","link":"https:\/\/sudaderasweb.com\/index.php\/2024\/03\/14\/joma-berna-chaqueta-y-chaleco-cabal-hombre\/","title":{"rendered":"Joma Berna Chaqueta Y Chaleco Cabal. Hombre"},"content":{"rendered":"<div id=\"cseo-product-gallery\" style=\"margin-bottom: 24px;\">\n<ul id=\"cseo-product-galley-fullimage\">\n<li id=\"cseo-product-pic-0\" \/><\/li>\n<li id=\"cseo-product-pic-1\" \/><\/li>\n<li id=\"cseo-product-pic-2\" \/><\/li>\n<li id=\"cseo-product-pic-3\" \/><\/li>\n<li id=\"cseo-product-pic-4\" \/><\/li>\n<li id=\"cseo-product-pic-5\" \/><\/li>\n<\/ul>\n<ul id=\"cseo-product-galley-thumbimage\">\n<li><a href=\"#cseo-product-pic-0\"><\/a><\/li>\n<li><a href=\"#cseo-product-pic-1\"><\/a><\/li>\n<li><a href=\"#cseo-product-pic-2\"><\/a><\/li>\n<li><a href=\"#cseo-product-pic-3\"><\/a><\/li>\n<li><a href=\"#cseo-product-pic-4\"><\/a><\/li>\n<li><a href=\"#cseo-product-pic-5\"><\/a><\/li>\n<\/ul>\n<p><br style=\"clear:both;\"><\/div>\n<p>No busques m\u00e1s! La chaqueta y chaleco Joma Berna Cabal para hombres es la soluci\u00f3n perfecta para mantenerte abrigado y con estilo en esta temporada. Con su dise\u00f1o moderno y capucha roja, ser\u00e1s el centro de atenci\u00f3n donde quiera que vayas.<\/p>\n<p>Este producto de alta calidad tiene unas dimensiones de 30 x 30 x 5 cm y un peso de 40 gramos, lo que lo hace ligero y c\u00f3modo de llevar. Fabricado por la reconocida marca Joma, puedes confiar en la durabilidad y resistencia de esta chaqueta y chaleco.<\/p>\n<p>Disponible en Amazon.es desde el 19 de julio de 2018, este producto cuenta con el respaldo de miles de clientes satisfechos. El n\u00famero de modelo del producto es 101103.100.S y est\u00e1 dise\u00f1ado espec\u00edficamente para hombres que buscan comodidad y estilo en una sola prenda.<\/p>\n<blockquote><p><strong>No pierdas la oportunidad de adquirir la chaqueta y chaleco Joma Berna Cabal y disfruta de la combinaci\u00f3n perfecta entre moda y funcionalidad. \u00a1Hazte con la tuya hoy mismo y prep\u00e1rate para lucir incre\u00edble en cualquier ocasi\u00f3n!<\/strong><\/p><\/blockquote>\n<h2>Technical Specifications<\/h2>\n<ul>\n<li><strong>Dimensions:<\/strong> 30 x 30 x 5 cm<\/li>\n<li><strong>Weight:<\/strong> 40 grams<\/li>\n<li><strong>Manufacturer:<\/strong> Joma<\/li>\n<li><strong>Model Number:<\/strong> 101103.100.S<\/li>\n<li><strong>Designed for:<\/strong> Men<\/li>\n<\/ul>\n<h2>A Versatile and Stylish Option for Men: Joma Berna Cabal Jacket and Vest<\/h2>\n<p>Looking for a jacket that combines style and warmth? Look no further! The Joma Berna Cabal jacket and vest for men is the perfect solution to keep you cozy and fashionable this season. With its modern design and eye-catching red hood, you&#8217;ll be the center of attention wherever you go.<\/p>\n<p>One of the key advantages of this product is its high quality. Manufactured by the renowned brand Joma, you can trust in its durability and resistance. It&#8217;s made to withstand the test of time, ensuring that you&#8217;ll be able to enjoy this jacket and vest for years to come.<\/p>\n<p>Not only is this product stylish, but it&#8217;s also comfortable to wear. With dimensions of 30 x 30 x 5 cm and weighing only 40 grams, it&#8217;s lightweight and won&#8217;t weigh you down. Whether you&#8217;re running errands or going for a hike, you&#8217;ll appreciate the ease of movement provided by this jacket and vest.<\/p>\n<p>Now, let&#8217;s take a look at the competition. Similar products in the market may offer similar features, but the Joma Berna Cabal jacket and vest stands out for a few reasons. Firstly, its modern design sets it apart from more traditional options. The red hood adds a pop of color and adds a trendy touch to any outfit.<\/p>\n<p>Secondly, the high quality and durability of this product give it an edge over other options. While some jackets may wear out quickly or lose their shape after a few washes, the Joma Berna Cabal is built to last. You won&#8217;t have to worry about investing in a new jacket anytime soon.<\/p>\n<p>Finally, the Joma Berna Cabal jacket and vest is designed specifically for men who prioritize both comfort and style. It&#8217;s the ideal choice for those who want to look their best while staying warm and comfortable.<\/p>\n<p>Whether you&#8217;re heading out for a casual day out or need a jacket for outdoor activities, the Joma Berna Cabal is a versatile option that won&#8217;t disappoint. Its combination of fashion and functionality make it a must-have addition to your wardrobe. Don&#8217;t miss out on the chance to acquire this jacket and vest and get ready to make a statement wherever you go.<\/p>\n<div style=\"padding: 20pt 0 40pt 0; text-align: center;\">\n<span style=\"font-size: 32pt;\">Price: <span style=\"color: #b12704;\">34.99<\/span><\/span>\n<\/div>\n<div style=\"text-align:center;\">\n<a class=\"cseo-product-galley-button\" rel=\"noopener\" href=\"https:\/\/www.amazon.es\/dp\/B07FKSN8J3\/?tag=sudaderas-web-21\">BUY NOW<\/a>\n<\/div>\n","protected":false},"excerpt":{"rendered":"<p>Joma Berna Chaqueta Y Chaleco Cabal. Hombre<\/p>\n","protected":false},"author":1,"featured_media":768,"comment_status":"open","ping_status":"closed","sticky":false,"template":"Default","format":"standard","meta":{"_kadence_starter_templates_imported_post":false,"_kad_post_transparent":"","_kad_post_title":"","_kad_post_layout":"","_kad_post_sidebar_id":"","_kad_post_content_style":"","_kad_post_vertical_padding":"","_kad_post_feature":"","_kad_post_feature_position":"","_kad_post_header":false,"_kad_post_footer":false,"footnotes":""},"categories":[24],"tags":[],"class_list":["post-767","post","type-post","status-publish","format-standard","has-post-thumbnail","hentry","category-sudaderas-joma"],"yoast_head":"<!-- This site is optimized with the Yoast SEO plugin v21.9 - https:\/\/yoast.com\/wordpress\/plugins\/seo\/ -->\n<title>Joma Berna Chaqueta Y Chaleco Cabal. Hombre - Tienda de Sudaderas Online<\/title>\n<meta name=\"description\" content=\"Joma Berna Chaqueta Y Chaleco Cabal. Hombre\" \/>\n<meta name=\"robots\" content=\"index, follow, max-snippet:-1, max-image-preview:large, max-video-preview:-1\" \/>\n<link rel=\"canonical\" href=\"https:\/\/sudaderasweb.com\/index.php\/2024\/03\/14\/joma-berna-chaqueta-y-chaleco-cabal-hombre\/\" \/>\n<meta property=\"og:locale\" content=\"es_ES\" \/>\n<meta property=\"og:type\" content=\"article\" \/>\n<meta property=\"og:title\" content=\"Joma Berna Chaqueta Y Chaleco Cabal. Hombre - Tienda de Sudaderas Online\" \/>\n<meta property=\"og:description\" content=\"Joma Berna Chaqueta Y Chaleco Cabal. Hombre\" \/>\n<meta property=\"og:url\" content=\"https:\/\/sudaderasweb.com\/index.php\/2024\/03\/14\/joma-berna-chaqueta-y-chaleco-cabal-hombre\/\" \/>\n<meta property=\"og:site_name\" content=\"Tienda de Sudaderas Online\" \/>\n<meta property=\"article:published_time\" content=\"2024-03-14T04:04:21+00:00\" \/>\n<meta property=\"og:image\" content=\"https:\/\/sudaderasweb.com\/wp-content\/uploads\/2024\/03\/joma-berna-chaqueta-y-chaleco-cabal-hombre.jpg\" \/>\n\t<meta property=\"og:image:width\" content=\"1000\" \/>\n\t<meta property=\"og:image:height\" content=\"1000\" \/>\n\t<meta property=\"og:image:type\" content=\"image\/jpeg\" \/>\n<meta name=\"author\" content=\"admin\" \/>\n<meta name=\"twitter:card\" content=\"summary_large_image\" \/>\n<meta name=\"twitter:label1\" content=\"Escrito por\" \/>\n\t<meta name=\"twitter:data1\" content=\"admin\" \/>\n\t<meta name=\"twitter:label2\" content=\"Tiempo de lectura\" \/>\n\t<meta name=\"twitter:data2\" content=\"3 minutos\" \/>\n<script type=\"application\/ld+json\" class=\"yoast-schema-graph\">{\"@context\":\"https:\/\/schema.org\",\"@graph\":[{\"@type\":\"WebPage\",\"@id\":\"https:\/\/sudaderasweb.com\/index.php\/2024\/03\/14\/joma-berna-chaqueta-y-chaleco-cabal-hombre\/\",\"url\":\"https:\/\/sudaderasweb.com\/index.php\/2024\/03\/14\/joma-berna-chaqueta-y-chaleco-cabal-hombre\/\",\"name\":\"Joma Berna Chaqueta Y Chaleco Cabal. Hombre - Tienda de Sudaderas Online\",\"isPartOf\":{\"@id\":\"https:\/\/sudaderasweb.com\/#website\"},\"datePublished\":\"2024-03-14T04:04:21+00:00\",\"dateModified\":\"2024-03-14T04:04:21+00:00\",\"author\":{\"@id\":\"https:\/\/sudaderasweb.com\/#\/schema\/person\/76ed11f05e9c9aab17627436a8224db5\"},\"description\":\"Joma Berna Chaqueta Y Chaleco Cabal. Hombre\",\"breadcrumb\":{\"@id\":\"https:\/\/sudaderasweb.com\/index.php\/2024\/03\/14\/joma-berna-chaqueta-y-chaleco-cabal-hombre\/#breadcrumb\"},\"inLanguage\":\"es\",\"potentialAction\":[{\"@type\":\"ReadAction\",\"target\":[\"https:\/\/sudaderasweb.com\/index.php\/2024\/03\/14\/joma-berna-chaqueta-y-chaleco-cabal-hombre\/\"]}]},{\"@type\":\"BreadcrumbList\",\"@id\":\"https:\/\/sudaderasweb.com\/index.php\/2024\/03\/14\/joma-berna-chaqueta-y-chaleco-cabal-hombre\/#breadcrumb\",\"itemListElement\":[{\"@type\":\"ListItem\",\"position\":1,\"name\":\"Portada\",\"item\":\"https:\/\/sudaderasweb.com\/\"},{\"@type\":\"ListItem\",\"position\":2,\"name\":\"Joma Berna Chaqueta Y Chaleco Cabal. Hombre\"}]},{\"@type\":\"WebSite\",\"@id\":\"https:\/\/sudaderasweb.com\/#website\",\"url\":\"https:\/\/sudaderasweb.com\/\",\"name\":\"Tienda de Sudaderas Online\",\"description\":\"Sudaderas de todas las marcas\",\"potentialAction\":[{\"@type\":\"SearchAction\",\"target\":{\"@type\":\"EntryPoint\",\"urlTemplate\":\"https:\/\/sudaderasweb.com\/?s={search_term_string}\"},\"query-input\":\"required name=search_term_string\"}],\"inLanguage\":\"es\"},{\"@type\":\"Person\",\"@id\":\"https:\/\/sudaderasweb.com\/#\/schema\/person\/76ed11f05e9c9aab17627436a8224db5\",\"name\":\"admin\",\"image\":{\"@type\":\"ImageObject\",\"inLanguage\":\"es\",\"@id\":\"https:\/\/sudaderasweb.com\/#\/schema\/person\/image\/\",\"url\":\"https:\/\/secure.gravatar.com\/avatar\/e9ef4be2a053caf487ea5d9e31edeccb0927bd7ee30fad99a6a19fd2d3573e85?s=96&d=mm&r=g\",\"contentUrl\":\"https:\/\/secure.gravatar.com\/avatar\/e9ef4be2a053caf487ea5d9e31edeccb0927bd7ee30fad99a6a19fd2d3573e85?s=96&d=mm&r=g\",\"caption\":\"admin\"},\"sameAs\":[\"https:\/\/sudaderasweb.com\"],\"url\":\"https:\/\/sudaderasweb.com\/index.php\/author\/martin\/\"}]}<\/script>\n<!-- \/ Yoast SEO plugin. -->","yoast_head_json":{"title":"Joma Berna Chaqueta Y Chaleco Cabal. Hombre - Tienda de Sudaderas Online","description":"Joma Berna Chaqueta Y Chaleco Cabal. Hombre","robots":{"index":"index","follow":"follow","max-snippet":"max-snippet:-1","max-image-preview":"max-image-preview:large","max-video-preview":"max-video-preview:-1"},"canonical":"https:\/\/sudaderasweb.com\/index.php\/2024\/03\/14\/joma-berna-chaqueta-y-chaleco-cabal-hombre\/","og_locale":"es_ES","og_type":"article","og_title":"Joma Berna Chaqueta Y Chaleco Cabal. Hombre - Tienda de Sudaderas Online","og_description":"Joma Berna Chaqueta Y Chaleco Cabal. Hombre","og_url":"https:\/\/sudaderasweb.com\/index.php\/2024\/03\/14\/joma-berna-chaqueta-y-chaleco-cabal-hombre\/","og_site_name":"Tienda de Sudaderas Online","article_published_time":"2024-03-14T04:04:21+00:00","og_image":[{"width":1000,"height":1000,"url":"https:\/\/sudaderasweb.com\/wp-content\/uploads\/2024\/03\/joma-berna-chaqueta-y-chaleco-cabal-hombre.jpg","type":"image\/jpeg"}],"author":"admin","twitter_card":"summary_large_image","twitter_misc":{"Escrito por":"admin","Tiempo de lectura":"3 minutos"},"schema":{"@context":"https:\/\/schema.org","@graph":[{"@type":"WebPage","@id":"https:\/\/sudaderasweb.com\/index.php\/2024\/03\/14\/joma-berna-chaqueta-y-chaleco-cabal-hombre\/","url":"https:\/\/sudaderasweb.com\/index.php\/2024\/03\/14\/joma-berna-chaqueta-y-chaleco-cabal-hombre\/","name":"Joma Berna Chaqueta Y Chaleco Cabal. Hombre - Tienda de Sudaderas Online","isPartOf":{"@id":"https:\/\/sudaderasweb.com\/#website"},"datePublished":"2024-03-14T04:04:21+00:00","dateModified":"2024-03-14T04:04:21+00:00","author":{"@id":"https:\/\/sudaderasweb.com\/#\/schema\/person\/76ed11f05e9c9aab17627436a8224db5"},"description":"Joma Berna Chaqueta Y Chaleco Cabal. Hombre","breadcrumb":{"@id":"https:\/\/sudaderasweb.com\/index.php\/2024\/03\/14\/joma-berna-chaqueta-y-chaleco-cabal-hombre\/#breadcrumb"},"inLanguage":"es","potentialAction":[{"@type":"ReadAction","target":["https:\/\/sudaderasweb.com\/index.php\/2024\/03\/14\/joma-berna-chaqueta-y-chaleco-cabal-hombre\/"]}]},{"@type":"BreadcrumbList","@id":"https:\/\/sudaderasweb.com\/index.php\/2024\/03\/14\/joma-berna-chaqueta-y-chaleco-cabal-hombre\/#breadcrumb","itemListElement":[{"@type":"ListItem","position":1,"name":"Portada","item":"https:\/\/sudaderasweb.com\/"},{"@type":"ListItem","position":2,"name":"Joma Berna Chaqueta Y Chaleco Cabal. Hombre"}]},{"@type":"WebSite","@id":"https:\/\/sudaderasweb.com\/#website","url":"https:\/\/sudaderasweb.com\/","name":"Tienda de Sudaderas Online","description":"Sudaderas de todas las marcas","potentialAction":[{"@type":"SearchAction","target":{"@type":"EntryPoint","urlTemplate":"https:\/\/sudaderasweb.com\/?s={search_term_string}"},"query-input":"required name=search_term_string"}],"inLanguage":"es"},{"@type":"Person","@id":"https:\/\/sudaderasweb.com\/#\/schema\/person\/76ed11f05e9c9aab17627436a8224db5","name":"admin","image":{"@type":"ImageObject","inLanguage":"es","@id":"https:\/\/sudaderasweb.com\/#\/schema\/person\/image\/","url":"https:\/\/secure.gravatar.com\/avatar\/e9ef4be2a053caf487ea5d9e31edeccb0927bd7ee30fad99a6a19fd2d3573e85?s=96&d=mm&r=g","contentUrl":"https:\/\/secure.gravatar.com\/avatar\/e9ef4be2a053caf487ea5d9e31edeccb0927bd7ee30fad99a6a19fd2d3573e85?s=96&d=mm&r=g","caption":"admin"},"sameAs":["https:\/\/sudaderasweb.com"],"url":"https:\/\/sudaderasweb.com\/index.php\/author\/martin\/"}]}},"_links":{"self":[{"href":"https:\/\/sudaderasweb.com\/index.php\/wp-json\/wp\/v2\/posts\/767","targetHints":{"allow":["GET"]}}],"collection":[{"href":"https:\/\/sudaderasweb.com\/index.php\/wp-json\/wp\/v2\/posts"}],"about":[{"href":"https:\/\/sudaderasweb.com\/index.php\/wp-json\/wp\/v2\/types\/post"}],"author":[{"embeddable":true,"href":"https:\/\/sudaderasweb.com\/index.php\/wp-json\/wp\/v2\/users\/1"}],"replies":[{"embeddable":true,"href":"https:\/\/sudaderasweb.com\/index.php\/wp-json\/wp\/v2\/comments?post=767"}],"version-history":[{"count":0,"href":"https:\/\/sudaderasweb.com\/index.php\/wp-json\/wp\/v2\/posts\/767\/revisions"}],"wp:featuredmedia":[{"embeddable":true,"href":"https:\/\/sudaderasweb.com\/index.php\/wp-json\/wp\/v2\/media\/768"}],"wp:attachment":[{"href":"https:\/\/sudaderasweb.com\/index.php\/wp-json\/wp\/v2\/media?parent=767"}],"wp:term":[{"taxonomy":"category","embeddable":true,"href":"https:\/\/sudaderasweb.com\/index.php\/wp-json\/wp\/v2\/categories?post=767"},{"taxonomy":"post_tag","embeddable":true,"href":"https:\/\/sudaderasweb.com\/index.php\/wp-json\/wp\/v2\/tags?post=767"}],"curies":[{"name":"wp","href":"https:\/\/api.w.org\/{rel}","templated":true}]}}